{"id":1590,"date":"2025-09-12T14:57:27","date_gmt":"2025-09-12T12:57:27","guid":{"rendered":"https:\/\/sudrail-limoges.fr\/?p=1590"},"modified":"2025-09-12T14:57:27","modified_gmt":"2025-09-12T12:57:27","slug":"contre-lausteritepour-le-partage-des-richessesen-greve-le-18-septembre","status":"publish","type":"post","link":"https:\/\/sudrail-limoges.fr\/index.php\/2025\/09\/12\/contre-lausteritepour-le-partage-des-richessesen-greve-le-18-septembre\/","title":{"rendered":"CONTRE L\u2019AUST\u00c9RIT\u00c9,POUR LE PARTAGE DES RICHESSESEN GR\u00c8VE LE 18 SEPTEMBRE"},"content":{"rendered":"\n<div data-wp-interactive=\"core\/file\" class=\"wp-block-file\"><object data-wp-bind--hidden=\"!state.hasPdfPreview\" hidden class=\"wp-block-file__embed\" data=\"https:\/\/sudrail-limoges.fr\/wp-content\/uploads\/2025\/09\/2025-09-11-Tract-Solidaires-18-septembre.pdf\" type=\"application\/pdf\" style=\"width:100%;height:600px\" aria-label=\"Contenu embarqu\u00e9 2025 - 09 - 11 - Tract Solidaires 18 septembre.\"><\/object><a id=\"wp-block-file--media-2859a3f3-4415-4bf1-af68-cb615f0fced5\" href=\"https:\/\/sudrail-limoges.fr\/wp-content\/uploads\/2025\/09\/2025-09-11-Tract-Solidaires-18-septembre.pdf\">2025 &#8211; 09 &#8211; 11 &#8211; Tract Solidaires 18 septembre<\/a><a href=\"https:\/\/sudrail-limoges.fr\/wp-content\/uploads\/2025\/09\/2025-09-11-Tract-Solidaires-18-septembre.pdf\" class=\"wp-block-file__button wp-element-button\" download aria-describedby=\"wp-block-file--media-2859a3f3-4415-4bf1-af68-cb615f0fced5\">T\u00e9l\u00e9charger<\/a><\/div>\n","protected":false},"excerpt":{"rendered":"","protected":false},"author":3,"featured_media":0,"comment_status":"open","ping_status":"open","sticky":false,"template":"","format":"standard","meta":{"footnotes":""},"categories":[22,15],"tags":[],"class_list":["post-1590","post","type-post","status-publish","format-standard","hentry","category-solidaires","category-tracts"],"_links":{"self":[{"href":"https:\/\/sudrail-limoges.fr\/index.php\/wp-json\/wp\/v2\/posts\/1590","targetHints":{"allow":["GET"]}}],"collection":[{"href":"https:\/\/sudrail-limoges.fr\/index.php\/wp-json\/wp\/v2\/posts"}],"about":[{"href":"https:\/\/sudrail-limoges.fr\/index.php\/wp-json\/wp\/v2\/types\/post"}],"author":[{"embeddable":true,"href":"https:\/\/sudrail-limoges.fr\/index.php\/wp-json\/wp\/v2\/users\/3"}],"replies":[{"embeddable":true,"href":"https:\/\/sudrail-limoges.fr\/index.php\/wp-json\/wp\/v2\/comments?post=1590"}],"version-history":[{"count":1,"href":"https:\/\/sudrail-limoges.fr\/index.php\/wp-json\/wp\/v2\/posts\/1590\/revisions"}],"predecessor-version":[{"id":1592,"href":"https:\/\/sudrail-limoges.fr\/index.php\/wp-json\/wp\/v2\/posts\/1590\/revisions\/1592"}],"wp:attachment":[{"href":"https:\/\/sudrail-limoges.fr\/index.php\/wp-json\/wp\/v2\/media?parent=1590"}],"wp:term":[{"taxonomy":"category","embeddable":true,"href":"https:\/\/sudrail-limoges.fr\/index.php\/wp-json\/wp\/v2\/categories?post=1590"},{"taxonomy":"post_tag","embeddable":true,"href":"https:\/\/sudrail-limoges.fr\/index.php\/wp-json\/wp\/v2\/tags?post=1590"}],"curies":[{"name":"wp","href":"https:\/\/api.w.org\/{rel}","templated":true}]}}