{"id":1456,"date":"2025-03-21T22:07:36","date_gmt":"2025-03-21T21:07:36","guid":{"rendered":"https:\/\/sudrail-limoges.fr\/?p=1456"},"modified":"2025-03-21T22:07:36","modified_gmt":"2025-03-21T21:07:36","slug":"allocation-familiale-supplementaire-a-la-sncf-une-injustice-a-combattre","status":"publish","type":"post","link":"https:\/\/sudrail-limoges.fr\/index.php\/2025\/03\/21\/allocation-familiale-supplementaire-a-la-sncf-une-injustice-a-combattre\/","title":{"rendered":"ALLOCATION FAMILIALE SUPPL\u00c9MENTAIRE \u00c0 LA SNCF : UNE INJUSTICE \u00c0 COMBATTRE"},"content":{"rendered":"\n<div data-wp-interactive=\"core\/file\" class=\"wp-block-file\"><object data-wp-bind--hidden=\"!state.hasPdfPreview\" hidden class=\"wp-block-file__embed\" data=\"https:\/\/sudrail-limoges.fr\/wp-content\/uploads\/2025\/03\/AFSVF1.pdf\" type=\"application\/pdf\" style=\"width:100%;height:600px\" aria-label=\"Contenu embarqu\u00e9 AFSVF(1).\"><\/object><a id=\"wp-block-file--media-701d425c-2b6c-4e2d-9642-207b94c89365\" href=\"https:\/\/sudrail-limoges.fr\/wp-content\/uploads\/2025\/03\/AFSVF1.pdf\">AFSVF(1)<\/a><a href=\"https:\/\/sudrail-limoges.fr\/wp-content\/uploads\/2025\/03\/AFSVF1.pdf\" class=\"wp-block-file__button wp-element-button\" download aria-describedby=\"wp-block-file--media-701d425c-2b6c-4e2d-9642-207b94c89365\">T\u00e9l\u00e9charger<\/a><\/div>\n","protected":false},"excerpt":{"rendered":"","protected":false},"author":3,"featured_media":0,"comment_status":"open","ping_status":"open","sticky":false,"template":"","format":"standard","meta":{"footnotes":""},"categories":[13,15],"tags":[],"class_list":["post-1456","post","type-post","status-publish","format-standard","hentry","category-metiers","category-tracts"],"_links":{"self":[{"href":"https:\/\/sudrail-limoges.fr\/index.php\/wp-json\/wp\/v2\/posts\/1456","targetHints":{"allow":["GET"]}}],"collection":[{"href":"https:\/\/sudrail-limoges.fr\/index.php\/wp-json\/wp\/v2\/posts"}],"about":[{"href":"https:\/\/sudrail-limoges.fr\/index.php\/wp-json\/wp\/v2\/types\/post"}],"author":[{"embeddable":true,"href":"https:\/\/sudrail-limoges.fr\/index.php\/wp-json\/wp\/v2\/users\/3"}],"replies":[{"embeddable":true,"href":"https:\/\/sudrail-limoges.fr\/index.php\/wp-json\/wp\/v2\/comments?post=1456"}],"version-history":[{"count":1,"href":"https:\/\/sudrail-limoges.fr\/index.php\/wp-json\/wp\/v2\/posts\/1456\/revisions"}],"predecessor-version":[{"id":1458,"href":"https:\/\/sudrail-limoges.fr\/index.php\/wp-json\/wp\/v2\/posts\/1456\/revisions\/1458"}],"wp:attachment":[{"href":"https:\/\/sudrail-limoges.fr\/index.php\/wp-json\/wp\/v2\/media?parent=1456"}],"wp:term":[{"taxonomy":"category","embeddable":true,"href":"https:\/\/sudrail-limoges.fr\/index.php\/wp-json\/wp\/v2\/categories?post=1456"},{"taxonomy":"post_tag","embeddable":true,"href":"https:\/\/sudrail-limoges.fr\/index.php\/wp-json\/wp\/v2\/tags?post=1456"}],"curies":[{"name":"wp","href":"https:\/\/api.w.org\/{rel}","templated":true}]}}